{"id":2839,"date":"2021-07-05T19:32:51","date_gmt":"2021-07-05T18:32:51","guid":{"rendered":"https:\/\/www.sossenheim-online.de\/?p=2839"},"modified":"2021-07-05T19:37:12","modified_gmt":"2021-07-05T18:37:12","slug":"neuer-wertstoffhof-west-in-hoechst-eroeffnet","status":"publish","type":"post","link":"https:\/\/sossenheim-online.de\/wp\/neuer-wertstoffhof-west-in-hoechst-eroeffnet\/","title":{"rendered":"Neuer Wertstoffhof West in H\u00f6chst er\u00f6ffnet"},"content":{"rendered":"\n<h4 class=\"wp-block-heading\"><strong>F\u00fcr 140.000 Frankfurterinnen und Frankfurter wird die Entsorgung komfortabler<\/strong><\/h4>\n\n\n\n<p>(ffm) Auf dem Gel\u00e4nde der ehemaligen Breuerwerke in H\u00f6chst ist am Montag, 5. Juli, der neue Wertstoffhof West er\u00f6ffnet worden. Er steht hinsichtlich der Modernit\u00e4t und des Komforts bei der Entsorgung in einer Reihe mit dem gr\u00f6\u00dften Wertstoffhof der Stadt Frankfurt in Kalbach-Riedberg. Stadtrat Claus M\u00f6bius, Ortsvorsteherin Susanne Serke und FES-Gesch\u00e4ftsf\u00fchrer Benjamin Scheffler durchschnitten symbolisch das Band vor der Einfahrt und \u00fcbergaben den Hof damit an die rund 140.000 B\u00fcrgerinnen und B\u00fcrger der westlichen Stadtteile.<br><br>Stadtrat Claus M\u00f6bius sprach in Vertretung f\u00fcr Umweltdezernentin Rosemarie Heilig von einem \u201eModernisierungsschub f\u00fcr den Frankfurter Westen und f\u00fcr die gesamte Stadt Frankfurt. Unser Entsorgungssystem muss mit den Konsumgewohnheiten der B\u00fcrgerinnen und B\u00fcrger schritthalten. Durch den neuen Hof werden Wege k\u00fcrzer, die Stadt von Entsorgungsverkehr entlastet. Zudem wollen wir unsere Wertstoffh\u00f6fe perspektivisch zu Zentren des R\u00fcckkonsums entwickeln. Daf\u00fcr braucht man Platz, der jetzt in deutlich gr\u00f6\u00dferem Ma\u00dfe vorhanden ist.\u201c<br><br>Die Ortsvorsteherin f\u00fcr den Frankfurter Westen, Susanne Serke, sagte: \u201eIch hoffe, dass die komfortablere Entsorgung und das deutlich erweiterte Angebot mit dazu f\u00fchren, den \u00f6ffentlichen Raum in den westlichen Stadtteilen zu entlasten. In den vergangenen Jahren und nochmal verst\u00e4rkt seit Corona ist die Zahl wilder Ablagerungen erheblich angestiegen.\u201c Den neuen Wertstoffhof bezeichnete sie als \u201eOrt, an dem die M\u00fclltrennung und der Ressourcenschutz anschaulich werden und von dem auch eine p\u00e4dagogische Wirkung ausgeht. Ich bin mir sicher, dass viele B\u00fcrgerinnen und B\u00fcrger diesen sch\u00f6nen Hof wertsch\u00e4tzen werden.\u201c<br><\/p>\n\n\n\n<figure class=\"wp-block-image size-large\"><a href=\"https:\/\/sossenheim-online.de\/wp\/wp-content\/uploads\/2021\/07\/vl_Stadtrat_Claus_Moebius_Ortsvorsteherin_Susanne_Serke_und_FES-Geschaeftsfuehrer_Benjamin_Scheffler_Copyright_FESweb.jpg\"><img loading=\"lazy\" decoding=\"async\" width=\"1024\" height=\"683\" src=\"https:\/\/sossenheim-online.de\/wp\/wp-content\/uploads\/2021\/07\/vl_Stadtrat_Claus_Moebius_Ortsvorsteherin_Susanne_Serke_und_FES-Geschaeftsfuehrer_Benjamin_Scheffler_Copyright_FESweb-1024x683.jpg\" alt=\"\" class=\"wp-image-2838\" srcset=\"https:\/\/sossenheim-online.de\/wp\/wp-content\/uploads\/2021\/07\/vl_Stadtrat_Claus_Moebius_Ortsvorsteherin_Susanne_Serke_und_FES-Geschaeftsfuehrer_Benjamin_Scheffler_Copyright_FESweb-1024x683.jpg 1024w, https:\/\/sossenheim-online.de\/wp\/wp-content\/uploads\/2021\/07\/vl_Stadtrat_Claus_Moebius_Ortsvorsteherin_Susanne_Serke_und_FES-Geschaeftsfuehrer_Benjamin_Scheffler_Copyright_FESweb-300x200.jpg 300w, https:\/\/sossenheim-online.de\/wp\/wp-content\/uploads\/2021\/07\/vl_Stadtrat_Claus_Moebius_Ortsvorsteherin_Susanne_Serke_und_FES-Geschaeftsfuehrer_Benjamin_Scheffler_Copyright_FESweb-768x512.jpg 768w, https:\/\/sossenheim-online.de\/wp\/wp-content\/uploads\/2021\/07\/vl_Stadtrat_Claus_Moebius_Ortsvorsteherin_Susanne_Serke_und_FES-Geschaeftsfuehrer_Benjamin_Scheffler_Copyright_FESweb-450x300.jpg 450w, https:\/\/sossenheim-online.de\/wp\/wp-content\/uploads\/2021\/07\/vl_Stadtrat_Claus_Moebius_Ortsvorsteherin_Susanne_Serke_und_FES-Geschaeftsfuehrer_Benjamin_Scheffler_Copyright_FESweb.jpg 1500w\" sizes=\"auto, (max-width: 1024px) 100vw, 1024px\" \/><\/a><\/figure>\n\n\n\n<p><br>FES-Gesch\u00e4ftsf\u00fchrer Benjamin Scheffler dankte den Verantwortlichen und Planern der Konversions- Grundst\u00fccksentwicklungsgesellschaft (KEG) und der Beratungsgesellschaft f\u00fcr Stadterneuerung und Modernisierung(BSMF). \u201eDie Er\u00f6ffnung eines neuen Wertstoffhofs ist kein allt\u00e4glicher Anlass. Sie haben diese Chance f\u00fcr Stadtentwicklung ab 2010 gesehen und danach beharrlich weiterverfolgt. Der neue Wertstoffhof West ist ein gro\u00dfer Sprung nach vorne, auf ein Niveau mit unserem Hof in Kalbach-Riedberg. Zugleich ist er ein deutlicher Modernisierungsauftrag f\u00fcr unsere anderen Wertstoffh\u00f6fe in Bornheim und Sachsenhausen sowie f\u00fcr die Kleinm\u00fcllpl\u00e4tze in Bergen und Enkheim.\u201c<br><br>Insgesamt 45 Abfallfraktionen k\u00f6nnen k\u00fcnftig am neuen, 5000 Quadratmeter gro\u00dfen Wertstoffhof in der Palleskestra\u00dfe 39a abgegeben werden, darunter auch Bauschutt oder Baumischabf\u00e4lle, lackiertes Altholz, Altreifen, D\u00e4mmmaterial oder Akten. Weitergef\u00fchrt wird der seit vielen Jahren etablierte Kofferraumservice f\u00fcr Altpapier, Elektroger\u00e4te, Gr\u00fcnabf\u00e4lle, M\u00f6belholz, Sperrm\u00fcll und Verpackungen. Einen Kubikmeter Abfall k\u00f6nnen Frankfurter B\u00fcrger und B\u00fcrgerinnen kostenlos anliefern, Gr\u00fcnschnitt bis zu drei Kubikmeter. Zudem wird der Hof auch f\u00fcr die gewerbliche Anlieferung f\u00fcr an die Abfallsatzung der Stadt Frankfurt angeschlossene Betriebe ge\u00f6ffnet.<br><br>Sieben FES-Mitarbeiter unterst\u00fctzen die Anliefernden bei ihrer Entsorgung und garantieren eine gute und effiziente Ressourcentrennung. \u00dcber eine befahrbare Rampe k\u00f6nnen die Anliefernden ihren Abfall bequem in die darunter stehenden Container werfen. Erstmals in H\u00f6chst bietet die FES zudem den Verkauf von Kompost in S\u00e4cken an, der in der Bioabfallbehandlungsablage des FES-Tochterunternehmens RMB Rhein-Main-Biokompost im Osthafen erzeugt wurde.<br><br>Noch in Planung, aber in K\u00fcrze bereitstehen soll auch in H\u00f6chst eine station\u00e4re Schadstoffsammlung, die sechs Tage die Woche ge\u00f6ffnet hat. Au\u00dferdem geplant ist wie am Wertstoffhof Ost in Bornheim der Start von Wertstofflotsen der GWR Gesellschaft f\u00fcr Wiederverwendung und Recycling, die funktionierende Elektroger\u00e4te von Elektroschrott separieren und so f\u00fcr eine Wiederverwendung vorbereiten sollen. In den angrenzenden Geb\u00e4uden ziehen zudem bis Ende des Jahres die Stadtreinigung und die M\u00fcllabfuhr f\u00fcr den Frankfurter Westen nach.<br><\/p>\n","protected":false},"excerpt":{"rendered":"<p>F\u00fcr 140.000 Frankfurterinnen und Frankfurter wird die Entsorgung komfortabler (ffm) Auf dem Gel\u00e4nde der ehemaligen Breuerwerke in H\u00f6chst ist am Montag, 5. Juli, der neue Wertstoffhof West er\u00f6ffnet worden. Er steht hinsichtlich der Modernit\u00e4t und des Komforts bei der Entsorgung &hellip; <a href=\"https:\/\/sossenheim-online.de\/wp\/neuer-wertstoffhof-west-in-hoechst-eroeffnet\/\">Weiterlesen <span class=\"meta-nav\">&rarr;<\/span><\/a><\/p>\n","protected":false},"author":1,"featured_media":2837,"comment_status":"closed","ping_status":"closed","sticky":false,"template":"","format":"standard","meta":{"footnotes":""},"categories":[1,3],"tags":[32,19,31,30,33,37,38],"class_list":["post-2839","post","type-post","status-publish","format-standard","has-post-thumbnail","hentry","category-sossenheim","category-umgebung","tag-breuerwiesen","tag-fes","tag-kofferraumservice","tag-neuer-wertstoffhof","tag-neuer-wertstoffhof-west","tag-serke","tag-susanne-serke"],"yoast_head":"<!-- This site is optimized with the Yoast SEO plugin v27.1.1 - https:\/\/yoast.com\/product\/yoast-seo-wordpress\/ -->\n<title>Neuer Wertstoffhof West in H\u00f6chst er\u00f6ffnet - Sossenheim - Online<\/title>\n<meta name=\"robots\" content=\"index, follow, max-snippet:-1, max-image-preview:large, max-video-preview:-1\" \/>\n<link rel=\"canonical\" href=\"https:\/\/sossenheim-online.de\/wp\/neuer-wertstoffhof-west-in-hoechst-eroeffnet\/\" \/>\n<meta property=\"og:locale\" content=\"de_DE\" \/>\n<meta property=\"og:type\" content=\"article\" \/>\n<meta property=\"og:title\" content=\"Neuer Wertstoffhof West in H\u00f6chst er\u00f6ffnet - Sossenheim - Online\" \/>\n<meta property=\"og:description\" content=\"F\u00fcr 140.000 Frankfurterinnen und Frankfurter wird die Entsorgung komfortabler (ffm) Auf dem Gel\u00e4nde der ehemaligen Breuerwerke in H\u00f6chst ist am Montag, 5. Juli, der neue Wertstoffhof West er\u00f6ffnet worden. Er steht hinsichtlich der Modernit\u00e4t und des Komforts bei der Entsorgung &hellip; Weiterlesen &rarr;\" \/>\n<meta property=\"og:url\" content=\"https:\/\/sossenheim-online.de\/wp\/neuer-wertstoffhof-west-in-hoechst-eroeffnet\/\" \/>\n<meta property=\"og:site_name\" content=\"Sossenheim - Online\" \/>\n<meta property=\"article:published_time\" content=\"2021-07-05T18:32:51+00:00\" \/>\n<meta property=\"article:modified_time\" content=\"2021-07-05T18:37:12+00:00\" \/>\n<meta property=\"og:image\" content=\"https:\/\/sossenheim-online.de\/wp\/wp-content\/uploads\/2021\/07\/Der-Wertstoffhof-West-kurz-vor-der-ersten-Anlieferung_Copyright_FESweb.jpg\" \/>\n\t<meta property=\"og:image:width\" content=\"1500\" \/>\n\t<meta property=\"og:image:height\" content=\"1000\" \/>\n\t<meta property=\"og:image:type\" content=\"image\/jpeg\" \/>\n<meta name=\"author\" content=\"stefanjueptner\" \/>\n<meta name=\"twitter:card\" content=\"summary_large_image\" \/>\n<meta name=\"twitter:label1\" content=\"Verfasst von\" \/>\n\t<meta name=\"twitter:data1\" content=\"stefanjueptner\" \/>\n\t<meta name=\"twitter:label2\" content=\"Gesch\u00e4tzte Lesezeit\" \/>\n\t<meta name=\"twitter:data2\" content=\"3\u00a0Minuten\" \/>\n<script type=\"application\/ld+json\" class=\"yoast-schema-graph\">{\"@context\":\"https:\/\/schema.org\",\"@graph\":[{\"@type\":\"Article\",\"@id\":\"https:\/\/sossenheim-online.de\/wp\/neuer-wertstoffhof-west-in-hoechst-eroeffnet\/#article\",\"isPartOf\":{\"@id\":\"https:\/\/sossenheim-online.de\/wp\/neuer-wertstoffhof-west-in-hoechst-eroeffnet\/\"},\"author\":{\"name\":\"stefanjueptner\",\"@id\":\"https:\/\/sossenheim-online.de\/wp\/#\/schema\/person\/89bda6a70b62737cdd9b5345b6fdab6e\"},\"headline\":\"Neuer Wertstoffhof West in H\u00f6chst er\u00f6ffnet\",\"datePublished\":\"2021-07-05T18:32:51+00:00\",\"dateModified\":\"2021-07-05T18:37:12+00:00\",\"mainEntityOfPage\":{\"@id\":\"https:\/\/sossenheim-online.de\/wp\/neuer-wertstoffhof-west-in-hoechst-eroeffnet\/\"},\"wordCount\":612,\"image\":{\"@id\":\"https:\/\/sossenheim-online.de\/wp\/neuer-wertstoffhof-west-in-hoechst-eroeffnet\/#primaryimage\"},\"thumbnailUrl\":\"https:\/\/sossenheim-online.de\/wp\/wp-content\/uploads\/2021\/07\/Der-Wertstoffhof-West-kurz-vor-der-ersten-Anlieferung_Copyright_FESweb.jpg\",\"keywords\":[\"breuerwiesen\",\"FES\",\"Kofferraumservice\",\"Neuer Wertstoffhof\",\"Neuer Wertstoffhof West\",\"Serke\",\"Susanne Serke\"],\"articleSection\":[\"Sossenheim\",\"Umgebung\"],\"inLanguage\":\"de\"},{\"@type\":\"WebPage\",\"@id\":\"https:\/\/sossenheim-online.de\/wp\/neuer-wertstoffhof-west-in-hoechst-eroeffnet\/\",\"url\":\"https:\/\/sossenheim-online.de\/wp\/neuer-wertstoffhof-west-in-hoechst-eroeffnet\/\",\"name\":\"Neuer Wertstoffhof West in H\u00f6chst er\u00f6ffnet - Sossenheim - Online\",\"isPartOf\":{\"@id\":\"https:\/\/sossenheim-online.de\/wp\/#website\"},\"primaryImageOfPage\":{\"@id\":\"https:\/\/sossenheim-online.de\/wp\/neuer-wertstoffhof-west-in-hoechst-eroeffnet\/#primaryimage\"},\"image\":{\"@id\":\"https:\/\/sossenheim-online.de\/wp\/neuer-wertstoffhof-west-in-hoechst-eroeffnet\/#primaryimage\"},\"thumbnailUrl\":\"https:\/\/sossenheim-online.de\/wp\/wp-content\/uploads\/2021\/07\/Der-Wertstoffhof-West-kurz-vor-der-ersten-Anlieferung_Copyright_FESweb.jpg\",\"datePublished\":\"2021-07-05T18:32:51+00:00\",\"dateModified\":\"2021-07-05T18:37:12+00:00\",\"author\":{\"@id\":\"https:\/\/sossenheim-online.de\/wp\/#\/schema\/person\/89bda6a70b62737cdd9b5345b6fdab6e\"},\"breadcrumb\":{\"@id\":\"https:\/\/sossenheim-online.de\/wp\/neuer-wertstoffhof-west-in-hoechst-eroeffnet\/#breadcrumb\"},\"inLanguage\":\"de\",\"potentialAction\":[{\"@type\":\"ReadAction\",\"target\":[\"https:\/\/sossenheim-online.de\/wp\/neuer-wertstoffhof-west-in-hoechst-eroeffnet\/\"]}]},{\"@type\":\"ImageObject\",\"inLanguage\":\"de\",\"@id\":\"https:\/\/sossenheim-online.de\/wp\/neuer-wertstoffhof-west-in-hoechst-eroeffnet\/#primaryimage\",\"url\":\"https:\/\/sossenheim-online.de\/wp\/wp-content\/uploads\/2021\/07\/Der-Wertstoffhof-West-kurz-vor-der-ersten-Anlieferung_Copyright_FESweb.jpg\",\"contentUrl\":\"https:\/\/sossenheim-online.de\/wp\/wp-content\/uploads\/2021\/07\/Der-Wertstoffhof-West-kurz-vor-der-ersten-Anlieferung_Copyright_FESweb.jpg\",\"width\":1500,\"height\":1000},{\"@type\":\"BreadcrumbList\",\"@id\":\"https:\/\/sossenheim-online.de\/wp\/neuer-wertstoffhof-west-in-hoechst-eroeffnet\/#breadcrumb\",\"itemListElement\":[{\"@type\":\"ListItem\",\"position\":1,\"name\":\"Startseite\",\"item\":\"https:\/\/sossenheim-online.de\/wp\/\"},{\"@type\":\"ListItem\",\"position\":2,\"name\":\"Neuer Wertstoffhof West in H\u00f6chst er\u00f6ffnet\"}]},{\"@type\":\"WebSite\",\"@id\":\"https:\/\/sossenheim-online.de\/wp\/#website\",\"url\":\"https:\/\/sossenheim-online.de\/wp\/\",\"name\":\"Sossenheim-Online\",\"description\":\"Das Magazin f\u00fcr Sossenheim und Umgebung\",\"potentialAction\":[{\"@type\":\"SearchAction\",\"target\":{\"@type\":\"EntryPoint\",\"urlTemplate\":\"https:\/\/sossenheim-online.de\/wp\/?s={search_term_string}\"},\"query-input\":{\"@type\":\"PropertyValueSpecification\",\"valueRequired\":true,\"valueName\":\"search_term_string\"}}],\"inLanguage\":\"de\"},{\"@type\":\"Person\",\"@id\":\"https:\/\/sossenheim-online.de\/wp\/#\/schema\/person\/89bda6a70b62737cdd9b5345b6fdab6e\",\"name\":\"stefanjueptner\"}]}<\/script>\n<!-- \/ Yoast SEO plugin. -->","yoast_head_json":{"title":"Neuer Wertstoffhof West in H\u00f6chst er\u00f6ffnet - Sossenheim - Online","robots":{"index":"index","follow":"follow","max-snippet":"max-snippet:-1","max-image-preview":"max-image-preview:large","max-video-preview":"max-video-preview:-1"},"canonical":"https:\/\/sossenheim-online.de\/wp\/neuer-wertstoffhof-west-in-hoechst-eroeffnet\/","og_locale":"de_DE","og_type":"article","og_title":"Neuer Wertstoffhof West in H\u00f6chst er\u00f6ffnet - Sossenheim - Online","og_description":"F\u00fcr 140.000 Frankfurterinnen und Frankfurter wird die Entsorgung komfortabler (ffm) Auf dem Gel\u00e4nde der ehemaligen Breuerwerke in H\u00f6chst ist am Montag, 5. Juli, der neue Wertstoffhof West er\u00f6ffnet worden. Er steht hinsichtlich der Modernit\u00e4t und des Komforts bei der Entsorgung &hellip; Weiterlesen &rarr;","og_url":"https:\/\/sossenheim-online.de\/wp\/neuer-wertstoffhof-west-in-hoechst-eroeffnet\/","og_site_name":"Sossenheim - Online","article_published_time":"2021-07-05T18:32:51+00:00","article_modified_time":"2021-07-05T18:37:12+00:00","og_image":[{"width":1500,"height":1000,"url":"https:\/\/sossenheim-online.de\/wp\/wp-content\/uploads\/2021\/07\/Der-Wertstoffhof-West-kurz-vor-der-ersten-Anlieferung_Copyright_FESweb.jpg","type":"image\/jpeg"}],"author":"stefanjueptner","twitter_card":"summary_large_image","twitter_misc":{"Verfasst von":"stefanjueptner","Gesch\u00e4tzte Lesezeit":"3\u00a0Minuten"},"schema":{"@context":"https:\/\/schema.org","@graph":[{"@type":"Article","@id":"https:\/\/sossenheim-online.de\/wp\/neuer-wertstoffhof-west-in-hoechst-eroeffnet\/#article","isPartOf":{"@id":"https:\/\/sossenheim-online.de\/wp\/neuer-wertstoffhof-west-in-hoechst-eroeffnet\/"},"author":{"name":"stefanjueptner","@id":"https:\/\/sossenheim-online.de\/wp\/#\/schema\/person\/89bda6a70b62737cdd9b5345b6fdab6e"},"headline":"Neuer Wertstoffhof West in H\u00f6chst er\u00f6ffnet","datePublished":"2021-07-05T18:32:51+00:00","dateModified":"2021-07-05T18:37:12+00:00","mainEntityOfPage":{"@id":"https:\/\/sossenheim-online.de\/wp\/neuer-wertstoffhof-west-in-hoechst-eroeffnet\/"},"wordCount":612,"image":{"@id":"https:\/\/sossenheim-online.de\/wp\/neuer-wertstoffhof-west-in-hoechst-eroeffnet\/#primaryimage"},"thumbnailUrl":"https:\/\/sossenheim-online.de\/wp\/wp-content\/uploads\/2021\/07\/Der-Wertstoffhof-West-kurz-vor-der-ersten-Anlieferung_Copyright_FESweb.jpg","keywords":["breuerwiesen","FES","Kofferraumservice","Neuer Wertstoffhof","Neuer Wertstoffhof West","Serke","Susanne Serke"],"articleSection":["Sossenheim","Umgebung"],"inLanguage":"de"},{"@type":"WebPage","@id":"https:\/\/sossenheim-online.de\/wp\/neuer-wertstoffhof-west-in-hoechst-eroeffnet\/","url":"https:\/\/sossenheim-online.de\/wp\/neuer-wertstoffhof-west-in-hoechst-eroeffnet\/","name":"Neuer Wertstoffhof West in H\u00f6chst er\u00f6ffnet - Sossenheim - Online","isPartOf":{"@id":"https:\/\/sossenheim-online.de\/wp\/#website"},"primaryImageOfPage":{"@id":"https:\/\/sossenheim-online.de\/wp\/neuer-wertstoffhof-west-in-hoechst-eroeffnet\/#primaryimage"},"image":{"@id":"https:\/\/sossenheim-online.de\/wp\/neuer-wertstoffhof-west-in-hoechst-eroeffnet\/#primaryimage"},"thumbnailUrl":"https:\/\/sossenheim-online.de\/wp\/wp-content\/uploads\/2021\/07\/Der-Wertstoffhof-West-kurz-vor-der-ersten-Anlieferung_Copyright_FESweb.jpg","datePublished":"2021-07-05T18:32:51+00:00","dateModified":"2021-07-05T18:37:12+00:00","author":{"@id":"https:\/\/sossenheim-online.de\/wp\/#\/schema\/person\/89bda6a70b62737cdd9b5345b6fdab6e"},"breadcrumb":{"@id":"https:\/\/sossenheim-online.de\/wp\/neuer-wertstoffhof-west-in-hoechst-eroeffnet\/#breadcrumb"},"inLanguage":"de","potentialAction":[{"@type":"ReadAction","target":["https:\/\/sossenheim-online.de\/wp\/neuer-wertstoffhof-west-in-hoechst-eroeffnet\/"]}]},{"@type":"ImageObject","inLanguage":"de","@id":"https:\/\/sossenheim-online.de\/wp\/neuer-wertstoffhof-west-in-hoechst-eroeffnet\/#primaryimage","url":"https:\/\/sossenheim-online.de\/wp\/wp-content\/uploads\/2021\/07\/Der-Wertstoffhof-West-kurz-vor-der-ersten-Anlieferung_Copyright_FESweb.jpg","contentUrl":"https:\/\/sossenheim-online.de\/wp\/wp-content\/uploads\/2021\/07\/Der-Wertstoffhof-West-kurz-vor-der-ersten-Anlieferung_Copyright_FESweb.jpg","width":1500,"height":1000},{"@type":"BreadcrumbList","@id":"https:\/\/sossenheim-online.de\/wp\/neuer-wertstoffhof-west-in-hoechst-eroeffnet\/#breadcrumb","itemListElement":[{"@type":"ListItem","position":1,"name":"Startseite","item":"https:\/\/sossenheim-online.de\/wp\/"},{"@type":"ListItem","position":2,"name":"Neuer Wertstoffhof West in H\u00f6chst er\u00f6ffnet"}]},{"@type":"WebSite","@id":"https:\/\/sossenheim-online.de\/wp\/#website","url":"https:\/\/sossenheim-online.de\/wp\/","name":"Sossenheim-Online","description":"Das Magazin f\u00fcr Sossenheim und Umgebung","potentialAction":[{"@type":"SearchAction","target":{"@type":"EntryPoint","urlTemplate":"https:\/\/sossenheim-online.de\/wp\/?s={search_term_string}"},"query-input":{"@type":"PropertyValueSpecification","valueRequired":true,"valueName":"search_term_string"}}],"inLanguage":"de"},{"@type":"Person","@id":"https:\/\/sossenheim-online.de\/wp\/#\/schema\/person\/89bda6a70b62737cdd9b5345b6fdab6e","name":"stefanjueptner"}]}},"_links":{"self":[{"href":"https:\/\/sossenheim-online.de\/wp\/wp-json\/wp\/v2\/posts\/2839","targetHints":{"allow":["GET"]}}],"collection":[{"href":"https:\/\/sossenheim-online.de\/wp\/wp-json\/wp\/v2\/posts"}],"about":[{"href":"https:\/\/sossenheim-online.de\/wp\/wp-json\/wp\/v2\/types\/post"}],"author":[{"embeddable":true,"href":"https:\/\/sossenheim-online.de\/wp\/wp-json\/wp\/v2\/users\/1"}],"replies":[{"embeddable":true,"href":"https:\/\/sossenheim-online.de\/wp\/wp-json\/wp\/v2\/comments?post=2839"}],"version-history":[{"count":1,"href":"https:\/\/sossenheim-online.de\/wp\/wp-json\/wp\/v2\/posts\/2839\/revisions"}],"predecessor-version":[{"id":2840,"href":"https:\/\/sossenheim-online.de\/wp\/wp-json\/wp\/v2\/posts\/2839\/revisions\/2840"}],"wp:featuredmedia":[{"embeddable":true,"href":"https:\/\/sossenheim-online.de\/wp\/wp-json\/wp\/v2\/media\/2837"}],"wp:attachment":[{"href":"https:\/\/sossenheim-online.de\/wp\/wp-json\/wp\/v2\/media?parent=2839"}],"wp:term":[{"taxonomy":"category","embeddable":true,"href":"https:\/\/sossenheim-online.de\/wp\/wp-json\/wp\/v2\/categories?post=2839"},{"taxonomy":"post_tag","embeddable":true,"href":"https:\/\/sossenheim-online.de\/wp\/wp-json\/wp\/v2\/tags?post=2839"}],"curies":[{"name":"wp","href":"https:\/\/api.w.org\/{rel}","templated":true}]}}