{"id":4218,"date":"2023-07-23T17:34:34","date_gmt":"2023-07-23T16:34:34","guid":{"rendered":"https:\/\/sossenheim-online.de\/wp\/?p=4218"},"modified":"2023-07-23T17:34:35","modified_gmt":"2023-07-23T16:34:35","slug":"neue-erweiterung-fuer-die-frankfurt-history-app-revolution-1848-49-im-stadtraum-erlebbar","status":"publish","type":"post","link":"https:\/\/sossenheim-online.de\/wp\/neue-erweiterung-fuer-die-frankfurt-history-app-revolution-1848-49-im-stadtraum-erlebbar\/","title":{"rendered":"Neue Erweiterung f\u00fcr die Frankfurt History App: Revolution 1848\/49 im Stadtraum erlebbar"},"content":{"rendered":"\n<p class=\"has-medium-font-size\">ffm. Vor 175 Jahren erstritten und erk\u00e4mpften mutige B\u00fcrgerinnen und B\u00fcrger sowie vision\u00e4re Parlamentarier das Fundament unserer heutigen Verfassung und Demokratie. Frankfurt war eines der Zentren der Revolution in Deutschland. Die neue thematische Erweiterung \u201eRevolution 1848\/49: Parlament und Barrikaden\u201c der Frankfurt History App f\u00fchrt nun in drei geobasierten Rundg\u00e4ngen zu den Originalschaupl\u00e4tzen der Revolution im Frankfurter Stadtraum.<br>\u00a0<br>\u201eDie Frankfurt History App er\u00f6ffnet ganz neue digitale Zug\u00e4nge zu den historischen Spuren in unserer Stadt\u201c, sagte Ina Hartwig, Dezernentin f\u00fcr Kultur und Wissenschaft, w\u00e4hrend der Pressevorstellung der App-Erweiterung. \u201eSie l\u00e4dt dazu ein, Frankfurts Geschichte und Geschichten im heutigen Stadtraum zu entdecken und sich aktiv durch dieses identit\u00e4tsstiftende Kapitel der Frankfurter Geschichte zu navigieren.\u201c<br>\u00a0<\/p>\n\n\n\n<figure class=\"wp-block-image size-large\"><a href=\"https:\/\/sossenheim-online.de\/wp\/wp-content\/uploads\/2023\/07\/Drei_Tage_im_September_1848_Abgeordneter_Roesler_verkuendet_Waffenruhe_Copyright_Historisches_Museum_Frankfurt_C10164c-scaled.jpg\"><img loading=\"lazy\" decoding=\"async\" width=\"1024\" height=\"749\" src=\"https:\/\/sossenheim-online.de\/wp\/wp-content\/uploads\/2023\/07\/Drei_Tage_im_September_1848_Abgeordneter_Roesler_verkuendet_Waffenruhe_Copyright_Historisches_Museum_Frankfurt_C10164c-1024x749.jpg\" alt=\"\" class=\"wp-image-4221\" srcset=\"https:\/\/sossenheim-online.de\/wp\/wp-content\/uploads\/2023\/07\/Drei_Tage_im_September_1848_Abgeordneter_Roesler_verkuendet_Waffenruhe_Copyright_Historisches_Museum_Frankfurt_C10164c-1024x749.jpg 1024w, https:\/\/sossenheim-online.de\/wp\/wp-content\/uploads\/2023\/07\/Drei_Tage_im_September_1848_Abgeordneter_Roesler_verkuendet_Waffenruhe_Copyright_Historisches_Museum_Frankfurt_C10164c-300x219.jpg 300w, https:\/\/sossenheim-online.de\/wp\/wp-content\/uploads\/2023\/07\/Drei_Tage_im_September_1848_Abgeordneter_Roesler_verkuendet_Waffenruhe_Copyright_Historisches_Museum_Frankfurt_C10164c-768x562.jpg 768w, https:\/\/sossenheim-online.de\/wp\/wp-content\/uploads\/2023\/07\/Drei_Tage_im_September_1848_Abgeordneter_Roesler_verkuendet_Waffenruhe_Copyright_Historisches_Museum_Frankfurt_C10164c-1536x1124.jpg 1536w, https:\/\/sossenheim-online.de\/wp\/wp-content\/uploads\/2023\/07\/Drei_Tage_im_September_1848_Abgeordneter_Roesler_verkuendet_Waffenruhe_Copyright_Historisches_Museum_Frankfurt_C10164c-2048x1498.jpg 2048w, https:\/\/sossenheim-online.de\/wp\/wp-content\/uploads\/2023\/07\/Drei_Tage_im_September_1848_Abgeordneter_Roesler_verkuendet_Waffenruhe_Copyright_Historisches_Museum_Frankfurt_C10164c-410x300.jpg 410w\" sizes=\"auto, (max-width: 1024px) 100vw, 1024px\" \/><\/a><\/figure>\n\n\n\n<p class=\"has-medium-font-size\"><br>Die Frankfurt History App vermittelt Stadtgeschichte seit November 2022 digital. Der erste, im November 2022 ver\u00f6ffentlichte Themenlayer in der Frankfurt History App blickt auf \u201eFrankfurt und der Nationalsozialismus\u201c, entwickelt und verantwortet vom Historischen Museum Frankfurt. \u201eDie neue App-Erweiterung zur Revolution 1848\/49 beleuchtet nun die Schaupl\u00e4tze der Revolution in Frankfurt, die Treffpunkte der Fraktionen der Nationalversammlung und die Orte des Frankfurter Septemberaufstandes 1848\u201c, erl\u00e4uterte Franziska Kiermeier, kommissarische Leiterin des Instituts f\u00fcr Stadtgeschichte. \u201eDie Rundg\u00e4nge sind hervorgegangen aus unserer noch bis Oktober laufenden Ausstellung \u201aAuf die Barrikaden! Paulskirchenparlament und Revolution 1848\/49 in Frankfurt\u2018.\u201c\u00a0<br>\u00a0<br>Konzipiert und entwickelt wurden die drei Revolutionsrouten, die zu jeweils 12 bis 15 Stationen im Bereich der Frankfurter Innenstadt f\u00fchren, von Markus H\u00e4fner und Thomas Bauer im Institut f\u00fcr Stadtgeschichte. Sie stehen in Deutsch, Englisch und Einfacher Sprache, mit Texten von Eva Keller, zur Verf\u00fcgung. Die App-Erweiterung wird herausgegeben vom Institut f\u00fcr Stadtgeschichte in Kooperation mit dem Historischen Museum Frankfurt, gef\u00f6rdert vom Dezernat f\u00fcr Kultur und Wissenschaft.<\/p>\n\n\n\n<figure class=\"wp-block-image size-large\"><a href=\"https:\/\/sossenheim-online.de\/wp\/wp-content\/uploads\/2023\/07\/Drei_Tage_im_September_1848_Erstuermung_der_Barrikad_Konstablerwache_Copyright_ISG_Best._S7Z1848_Nr._97-scaled.jpg\"><img loading=\"lazy\" decoding=\"async\" width=\"1024\" height=\"840\" src=\"https:\/\/sossenheim-online.de\/wp\/wp-content\/uploads\/2023\/07\/Drei_Tage_im_September_1848_Erstuermung_der_Barrikad_Konstablerwache_Copyright_ISG_Best._S7Z1848_Nr._97-1024x840.jpg\" alt=\"\" class=\"wp-image-4222\" srcset=\"https:\/\/sossenheim-online.de\/wp\/wp-content\/uploads\/2023\/07\/Drei_Tage_im_September_1848_Erstuermung_der_Barrikad_Konstablerwache_Copyright_ISG_Best._S7Z1848_Nr._97-1024x840.jpg 1024w, https:\/\/sossenheim-online.de\/wp\/wp-content\/uploads\/2023\/07\/Drei_Tage_im_September_1848_Erstuermung_der_Barrikad_Konstablerwache_Copyright_ISG_Best._S7Z1848_Nr._97-300x246.jpg 300w, https:\/\/sossenheim-online.de\/wp\/wp-content\/uploads\/2023\/07\/Drei_Tage_im_September_1848_Erstuermung_der_Barrikad_Konstablerwache_Copyright_ISG_Best._S7Z1848_Nr._97-768x630.jpg 768w, https:\/\/sossenheim-online.de\/wp\/wp-content\/uploads\/2023\/07\/Drei_Tage_im_September_1848_Erstuermung_der_Barrikad_Konstablerwache_Copyright_ISG_Best._S7Z1848_Nr._97-1536x1259.jpg 1536w, https:\/\/sossenheim-online.de\/wp\/wp-content\/uploads\/2023\/07\/Drei_Tage_im_September_1848_Erstuermung_der_Barrikad_Konstablerwache_Copyright_ISG_Best._S7Z1848_Nr._97-2048x1679.jpg 2048w, https:\/\/sossenheim-online.de\/wp\/wp-content\/uploads\/2023\/07\/Drei_Tage_im_September_1848_Erstuermung_der_Barrikad_Konstablerwache_Copyright_ISG_Best._S7Z1848_Nr._97-366x300.jpg 366w\" sizes=\"auto, (max-width: 1024px) 100vw, 1024px\" \/><\/a><\/figure>\n\n\n\n<p class=\"has-medium-font-size\"><br>\u00a0<br>Der erste Rundgang \u201eSchaupl\u00e4tze der Revolution\u201c bewegt sich im Bereich der Innenstadt ausgehend vom R\u00f6merberg zu 15 Orten, an denen die Revolution 1848 und die T\u00e4tigkeit der Nationalversammlung greifbar wird. Er beleuchtet, welche Rolle Frankfurt als Tagungsort der Nationalversammlung f\u00fcr ein Gelingen der Debatten spielte, und zeigt, dass neben der Paulskirche als zentralem und wichtigen Ort an vielen weiteren Orten auch \u00fcber die Zukunft im bestehenden Stadtstaat Frankfurt debattiert und gestritten wurde.<br>\u00a0<br>Im zweiten Rundgang f\u00fchrt virtuell der fraktionslose Paulskirchenabgeordnete und Dichter Ludwig Uhland (1787-1862) zu den Lokalen und \u201eTreffpunkten der Fraktionen\u201c. Hier wurde nicht nur geschlemmt und getrunken, sondern Deutschlands politische Zukunft verhandelt. Nachvollziehbar werden bei dieser historisch-politischen Entdeckungsreise durch die Stadt der Prozess der Fraktionsbildung in der Nationalversammlung, die sehr unterschiedlichen politischen Haltungen der Abgeordneten, Abspaltungen und Umformierungen beispielsweise im Zuge der Septemberkrise 1848 und der \u00fcberparteiliche Zusammenschluss der Fraktionen im Februar 1849 bei der Suche nach der klein- oder gro\u00dfdeutschen L\u00f6sung.<\/p>\n\n\n\n<figure class=\"wp-block-image size-large\"><a href=\"https:\/\/sossenheim-online.de\/wp\/wp-content\/uploads\/2023\/07\/Schauplaetze_der_Revolution_Paulskirche_und_Paulsplatz_Copyright_Institut_fuer_Stadtgeschichte_Frankfurt_Best._S7A_Nr._322.jpg\"><img loading=\"lazy\" decoding=\"async\" width=\"1024\" height=\"749\" src=\"https:\/\/sossenheim-online.de\/wp\/wp-content\/uploads\/2023\/07\/Schauplaetze_der_Revolution_Paulskirche_und_Paulsplatz_Copyright_Institut_fuer_Stadtgeschichte_Frankfurt_Best._S7A_Nr._322-1024x749.jpg\" alt=\"\" class=\"wp-image-4223\" srcset=\"https:\/\/sossenheim-online.de\/wp\/wp-content\/uploads\/2023\/07\/Schauplaetze_der_Revolution_Paulskirche_und_Paulsplatz_Copyright_Institut_fuer_Stadtgeschichte_Frankfurt_Best._S7A_Nr._322-1024x749.jpg 1024w, https:\/\/sossenheim-online.de\/wp\/wp-content\/uploads\/2023\/07\/Schauplaetze_der_Revolution_Paulskirche_und_Paulsplatz_Copyright_Institut_fuer_Stadtgeschichte_Frankfurt_Best._S7A_Nr._322-300x219.jpg 300w, https:\/\/sossenheim-online.de\/wp\/wp-content\/uploads\/2023\/07\/Schauplaetze_der_Revolution_Paulskirche_und_Paulsplatz_Copyright_Institut_fuer_Stadtgeschichte_Frankfurt_Best._S7A_Nr._322-768x561.jpg 768w, https:\/\/sossenheim-online.de\/wp\/wp-content\/uploads\/2023\/07\/Schauplaetze_der_Revolution_Paulskirche_und_Paulsplatz_Copyright_Institut_fuer_Stadtgeschichte_Frankfurt_Best._S7A_Nr._322-1536x1123.jpg 1536w, https:\/\/sossenheim-online.de\/wp\/wp-content\/uploads\/2023\/07\/Schauplaetze_der_Revolution_Paulskirche_und_Paulsplatz_Copyright_Institut_fuer_Stadtgeschichte_Frankfurt_Best._S7A_Nr._322-410x300.jpg 410w, https:\/\/sossenheim-online.de\/wp\/wp-content\/uploads\/2023\/07\/Schauplaetze_der_Revolution_Paulskirche_und_Paulsplatz_Copyright_Institut_fuer_Stadtgeschichte_Frankfurt_Best._S7A_Nr._322.jpg 1852w\" sizes=\"auto, (max-width: 1024px) 100vw, 1024px\" \/><\/a><\/figure>\n\n\n\n<p class=\"has-medium-font-size\"><br>\u00a0<br>Der dritte Rundgang \u201eDrei Tage im September 1848\u201c f\u00fchrt zu den Orten der Unruhen, Barrikadenk\u00e4mpfe und des Abgeordnetenmordes. Der Schleswig-Holstein-Konflikt um die Zugeh\u00f6rigkeit der Herzogt\u00fcmer zu Deutschland st\u00fcrzte die Nationalversammlung in eine schwere Krise. Nach der Annahme des Waffenstillstands von Malm\u00f6 durch eine knappe Mehrheit im Parlament kam es in Frankfurt zu blutigen Stra\u00dfenschlachten mit mehr als 50 Toten und der Ermordung zweier Abgeordneter. Diese zum Teil noch wenig bekannten Frankfurter Revolutionsereignisse rund um die Tagung der Nationalversammlung werden im heutigen Stadtraum erfahrbar.<br>\u00a0<br>\u201eDie Frankfurt History App ist auf Partizipation und Erweiterung ausgelegt\u201c, richtete Jan Gerchow, Direktor des Historischen Museums, w\u00e4hrend der Vorstellung den Blick in die Zukunft: \u201eWeitere Themen sind konkret in Vorbereitung, zum Beispiels circa 50 Orte in der Altstadt mit Abbildungen des Frankfurter Malers Carl Theodor Reiffenstein (1820-1893), basierend auf unserer Ausstellung im vergangenen Winter. In Frankfurt gibt es ganz viele historische Inhalte, die sich ortsbezogen darstellen lassen.\u201c<br>\u00a0<br>Die Frankfurt History App mit der neuen Erweiterung \u201eRevolution 1848\/49\u201c steht zum Download bereit unter <a href=\"https:\/\/tb2dcbbd3.emailsys1a.net\/c\/139\/6838763\/6207\/0\/39174891\/1087\/838040\/941ae2660b.html\" target=\"_blank\" rel=\"noreferrer noopener\">apps.apple.com\/de\/app\/frankfurt-history\/id6444184003<\/a> oder <a href=\"https:\/\/tb2dcbbd3.emailsys1a.net\/c\/139\/6838763\/6207\/0\/39174891\/1087\/838041\/b916d7d608.html\" target=\"_blank\" rel=\"noreferrer noopener\">play.google.com\/store\/apps\/details?id=de.frankfurt.history<\/a>.<br>\u00a0<br><strong>Informationen zur Frankfurt History App<\/strong><br>\u00a0<br>Mit der Frankfurt History App k\u00f6nnen sich Nutzerinnen und Nutzer in der Stadt bewegen und bekommen per GPS Orte in ihrer N\u00e4he angezeigt, zu denen historische Informationen und pers\u00f6nliche Geschichten in Text, Videos und Bildern hinterlegt sind. Kuratierte Rundg\u00e4nge f\u00fchren die Nutzerinnen und Nutzer zu einzelnen Themen gezielt durch die Stadt.<br>\u00a0<br>Die Frankfurt History App ging im November 2022 mit dem Themenfeld \u201eFrankfurt und der Nationalsozialismus\u201c an den Start, entwickelt vom Historischen Museum Frankfurt, technisch umgesetzt von dem Verein berlinHistory. \u201eRevolution 1848\/49: Parlament und Barrikaden\u201c bildet das zweite historische Themenfeld, konzipiert vom Institut f\u00fcr Stadtgeschichte. Weitere Themenfelder und Rundg\u00e4nge werden folgen und sind zum Teil schon in Vorbereitung. Die App ist kostenlos und werbefrei.<br><br>Weiteres Bildmaterial findet sich unter <a href=\"https:\/\/tb2dcbbd3.emailsys1a.net\/c\/139\/6838763\/6207\/0\/39174891\/1087\/838045\/e8fa98e891.html\" target=\"_blank\" rel=\"noreferrer noopener\">Institut f\u00fcr Stadtgeschichte Frankfurt &#8211; Info &amp; Service &#8211; Presse (stadtgeschichte-ffm.de)<\/a>.<\/p>\n","protected":false},"excerpt":{"rendered":"<p>ffm. Vor 175 Jahren erstritten und erk\u00e4mpften mutige B\u00fcrgerinnen und B\u00fcrger sowie vision\u00e4re Parlamentarier das Fundament unserer heutigen Verfassung und Demokratie. Frankfurt war eines der Zentren der Revolution in Deutschland. Die neue thematische Erweiterung \u201eRevolution 1848\/49: Parlament und Barrikaden\u201c der &hellip; <a href=\"https:\/\/sossenheim-online.de\/wp\/neue-erweiterung-fuer-die-frankfurt-history-app-revolution-1848-49-im-stadtraum-erlebbar\/\">Weiterlesen <span class=\"meta-nav\">&rarr;<\/span><\/a><\/p>\n","protected":false},"author":1,"featured_media":4220,"comment_status":"closed","ping_status":"closed","sticky":false,"template":"","format":"standard","meta":{"footnotes":""},"categories":[1],"tags":[207,208,206,205],"class_list":["post-4218","post","type-post","status-publish","format-standard","has-post-thumbnail","hentry","category-sossenheim","tag-207","tag-208","tag-frankfurt-app","tag-frankfurtapp"],"yoast_head":"<!-- This site is optimized with the Yoast SEO plugin v27.1.1 - https:\/\/yoast.com\/product\/yoast-seo-wordpress\/ -->\n<title>Neue Erweiterung f\u00fcr die Frankfurt History App: Revolution 1848\/49 im Stadtraum erlebbar - Sossenheim - Online<\/title>\n<meta name=\"robots\" content=\"index, follow, max-snippet:-1, max-image-preview:large, max-video-preview:-1\" \/>\n<link rel=\"canonical\" href=\"https:\/\/sossenheim-online.de\/wp\/neue-erweiterung-fuer-die-frankfurt-history-app-revolution-1848-49-im-stadtraum-erlebbar\/\" \/>\n<meta property=\"og:locale\" content=\"de_DE\" \/>\n<meta property=\"og:type\" content=\"article\" \/>\n<meta property=\"og:title\" content=\"Neue Erweiterung f\u00fcr die Frankfurt History App: Revolution 1848\/49 im Stadtraum erlebbar - Sossenheim - Online\" \/>\n<meta property=\"og:description\" content=\"ffm. Vor 175 Jahren erstritten und erk\u00e4mpften mutige B\u00fcrgerinnen und B\u00fcrger sowie vision\u00e4re Parlamentarier das Fundament unserer heutigen Verfassung und Demokratie. Frankfurt war eines der Zentren der Revolution in Deutschland. Die neue thematische Erweiterung \u201eRevolution 1848\/49: Parlament und Barrikaden\u201c der &hellip; Weiterlesen &rarr;\" \/>\n<meta property=\"og:url\" content=\"https:\/\/sossenheim-online.de\/wp\/neue-erweiterung-fuer-die-frankfurt-history-app-revolution-1848-49-im-stadtraum-erlebbar\/\" \/>\n<meta property=\"og:site_name\" content=\"Sossenheim - Online\" \/>\n<meta property=\"article:published_time\" content=\"2023-07-23T16:34:34+00:00\" \/>\n<meta property=\"article:modified_time\" content=\"2023-07-23T16:34:35+00:00\" \/>\n<meta property=\"og:image\" content=\"https:\/\/sossenheim-online.de\/wp\/wp-content\/uploads\/2023\/07\/frankfurt-app_2.png\" \/>\n\t<meta property=\"og:image:width\" content=\"1000\" \/>\n\t<meta property=\"og:image:height\" content=\"184\" \/>\n\t<meta property=\"og:image:type\" content=\"image\/png\" \/>\n<meta name=\"author\" content=\"stefanjueptner\" \/>\n<meta name=\"twitter:card\" content=\"summary_large_image\" \/>\n<meta name=\"twitter:label1\" content=\"Verfasst von\" \/>\n\t<meta name=\"twitter:data1\" content=\"stefanjueptner\" \/>\n\t<meta name=\"twitter:label2\" content=\"Gesch\u00e4tzte Lesezeit\" \/>\n\t<meta name=\"twitter:data2\" content=\"5\u00a0Minuten\" \/>\n<script type=\"application\/ld+json\" class=\"yoast-schema-graph\">{\"@context\":\"https:\/\/schema.org\",\"@graph\":[{\"@type\":\"Article\",\"@id\":\"https:\/\/sossenheim-online.de\/wp\/neue-erweiterung-fuer-die-frankfurt-history-app-revolution-1848-49-im-stadtraum-erlebbar\/#article\",\"isPartOf\":{\"@id\":\"https:\/\/sossenheim-online.de\/wp\/neue-erweiterung-fuer-die-frankfurt-history-app-revolution-1848-49-im-stadtraum-erlebbar\/\"},\"author\":{\"name\":\"stefanjueptner\",\"@id\":\"https:\/\/sossenheim-online.de\/wp\/#\/schema\/person\/89bda6a70b62737cdd9b5345b6fdab6e\"},\"headline\":\"Neue Erweiterung f\u00fcr die Frankfurt History App: Revolution 1848\/49 im Stadtraum erlebbar\",\"datePublished\":\"2023-07-23T16:34:34+00:00\",\"dateModified\":\"2023-07-23T16:34:35+00:00\",\"mainEntityOfPage\":{\"@id\":\"https:\/\/sossenheim-online.de\/wp\/neue-erweiterung-fuer-die-frankfurt-history-app-revolution-1848-49-im-stadtraum-erlebbar\/\"},\"wordCount\":783,\"image\":{\"@id\":\"https:\/\/sossenheim-online.de\/wp\/neue-erweiterung-fuer-die-frankfurt-history-app-revolution-1848-49-im-stadtraum-erlebbar\/#primaryimage\"},\"thumbnailUrl\":\"https:\/\/sossenheim-online.de\/wp\/wp-content\/uploads\/2023\/07\/frankfurt-app_2.png\",\"keywords\":[\"1848\",\"1849\",\"frankfurt app\",\"frankfurtapp\"],\"articleSection\":[\"Sossenheim\"],\"inLanguage\":\"de\"},{\"@type\":\"WebPage\",\"@id\":\"https:\/\/sossenheim-online.de\/wp\/neue-erweiterung-fuer-die-frankfurt-history-app-revolution-1848-49-im-stadtraum-erlebbar\/\",\"url\":\"https:\/\/sossenheim-online.de\/wp\/neue-erweiterung-fuer-die-frankfurt-history-app-revolution-1848-49-im-stadtraum-erlebbar\/\",\"name\":\"Neue Erweiterung f\u00fcr die Frankfurt History App: Revolution 1848\/49 im Stadtraum erlebbar - Sossenheim - Online\",\"isPartOf\":{\"@id\":\"https:\/\/sossenheim-online.de\/wp\/#website\"},\"primaryImageOfPage\":{\"@id\":\"https:\/\/sossenheim-online.de\/wp\/neue-erweiterung-fuer-die-frankfurt-history-app-revolution-1848-49-im-stadtraum-erlebbar\/#primaryimage\"},\"image\":{\"@id\":\"https:\/\/sossenheim-online.de\/wp\/neue-erweiterung-fuer-die-frankfurt-history-app-revolution-1848-49-im-stadtraum-erlebbar\/#primaryimage\"},\"thumbnailUrl\":\"https:\/\/sossenheim-online.de\/wp\/wp-content\/uploads\/2023\/07\/frankfurt-app_2.png\",\"datePublished\":\"2023-07-23T16:34:34+00:00\",\"dateModified\":\"2023-07-23T16:34:35+00:00\",\"author\":{\"@id\":\"https:\/\/sossenheim-online.de\/wp\/#\/schema\/person\/89bda6a70b62737cdd9b5345b6fdab6e\"},\"breadcrumb\":{\"@id\":\"https:\/\/sossenheim-online.de\/wp\/neue-erweiterung-fuer-die-frankfurt-history-app-revolution-1848-49-im-stadtraum-erlebbar\/#breadcrumb\"},\"inLanguage\":\"de\",\"potentialAction\":[{\"@type\":\"ReadAction\",\"target\":[\"https:\/\/sossenheim-online.de\/wp\/neue-erweiterung-fuer-die-frankfurt-history-app-revolution-1848-49-im-stadtraum-erlebbar\/\"]}]},{\"@type\":\"ImageObject\",\"inLanguage\":\"de\",\"@id\":\"https:\/\/sossenheim-online.de\/wp\/neue-erweiterung-fuer-die-frankfurt-history-app-revolution-1848-49-im-stadtraum-erlebbar\/#primaryimage\",\"url\":\"https:\/\/sossenheim-online.de\/wp\/wp-content\/uploads\/2023\/07\/frankfurt-app_2.png\",\"contentUrl\":\"https:\/\/sossenheim-online.de\/wp\/wp-content\/uploads\/2023\/07\/frankfurt-app_2.png\",\"width\":1000,\"height\":184},{\"@type\":\"BreadcrumbList\",\"@id\":\"https:\/\/sossenheim-online.de\/wp\/neue-erweiterung-fuer-die-frankfurt-history-app-revolution-1848-49-im-stadtraum-erlebbar\/#breadcrumb\",\"itemListElement\":[{\"@type\":\"ListItem\",\"position\":1,\"name\":\"Startseite\",\"item\":\"https:\/\/sossenheim-online.de\/wp\/\"},{\"@type\":\"ListItem\",\"position\":2,\"name\":\"Neue Erweiterung f\u00fcr die Frankfurt History App: Revolution 1848\/49 im Stadtraum erlebbar\"}]},{\"@type\":\"WebSite\",\"@id\":\"https:\/\/sossenheim-online.de\/wp\/#website\",\"url\":\"https:\/\/sossenheim-online.de\/wp\/\",\"name\":\"Sossenheim-Online\",\"description\":\"Das Magazin f\u00fcr Sossenheim und Umgebung\",\"potentialAction\":[{\"@type\":\"SearchAction\",\"target\":{\"@type\":\"EntryPoint\",\"urlTemplate\":\"https:\/\/sossenheim-online.de\/wp\/?s={search_term_string}\"},\"query-input\":{\"@type\":\"PropertyValueSpecification\",\"valueRequired\":true,\"valueName\":\"search_term_string\"}}],\"inLanguage\":\"de\"},{\"@type\":\"Person\",\"@id\":\"https:\/\/sossenheim-online.de\/wp\/#\/schema\/person\/89bda6a70b62737cdd9b5345b6fdab6e\",\"name\":\"stefanjueptner\"}]}<\/script>\n<!-- \/ Yoast SEO plugin. -->","yoast_head_json":{"title":"Neue Erweiterung f\u00fcr die Frankfurt History App: Revolution 1848\/49 im Stadtraum erlebbar - Sossenheim - Online","robots":{"index":"index","follow":"follow","max-snippet":"max-snippet:-1","max-image-preview":"max-image-preview:large","max-video-preview":"max-video-preview:-1"},"canonical":"https:\/\/sossenheim-online.de\/wp\/neue-erweiterung-fuer-die-frankfurt-history-app-revolution-1848-49-im-stadtraum-erlebbar\/","og_locale":"de_DE","og_type":"article","og_title":"Neue Erweiterung f\u00fcr die Frankfurt History App: Revolution 1848\/49 im Stadtraum erlebbar - Sossenheim - Online","og_description":"ffm. Vor 175 Jahren erstritten und erk\u00e4mpften mutige B\u00fcrgerinnen und B\u00fcrger sowie vision\u00e4re Parlamentarier das Fundament unserer heutigen Verfassung und Demokratie. Frankfurt war eines der Zentren der Revolution in Deutschland. Die neue thematische Erweiterung \u201eRevolution 1848\/49: Parlament und Barrikaden\u201c der &hellip; Weiterlesen &rarr;","og_url":"https:\/\/sossenheim-online.de\/wp\/neue-erweiterung-fuer-die-frankfurt-history-app-revolution-1848-49-im-stadtraum-erlebbar\/","og_site_name":"Sossenheim - Online","article_published_time":"2023-07-23T16:34:34+00:00","article_modified_time":"2023-07-23T16:34:35+00:00","og_image":[{"width":1000,"height":184,"url":"https:\/\/sossenheim-online.de\/wp\/wp-content\/uploads\/2023\/07\/frankfurt-app_2.png","type":"image\/png"}],"author":"stefanjueptner","twitter_card":"summary_large_image","twitter_misc":{"Verfasst von":"stefanjueptner","Gesch\u00e4tzte Lesezeit":"5\u00a0Minuten"},"schema":{"@context":"https:\/\/schema.org","@graph":[{"@type":"Article","@id":"https:\/\/sossenheim-online.de\/wp\/neue-erweiterung-fuer-die-frankfurt-history-app-revolution-1848-49-im-stadtraum-erlebbar\/#article","isPartOf":{"@id":"https:\/\/sossenheim-online.de\/wp\/neue-erweiterung-fuer-die-frankfurt-history-app-revolution-1848-49-im-stadtraum-erlebbar\/"},"author":{"name":"stefanjueptner","@id":"https:\/\/sossenheim-online.de\/wp\/#\/schema\/person\/89bda6a70b62737cdd9b5345b6fdab6e"},"headline":"Neue Erweiterung f\u00fcr die Frankfurt History App: Revolution 1848\/49 im Stadtraum erlebbar","datePublished":"2023-07-23T16:34:34+00:00","dateModified":"2023-07-23T16:34:35+00:00","mainEntityOfPage":{"@id":"https:\/\/sossenheim-online.de\/wp\/neue-erweiterung-fuer-die-frankfurt-history-app-revolution-1848-49-im-stadtraum-erlebbar\/"},"wordCount":783,"image":{"@id":"https:\/\/sossenheim-online.de\/wp\/neue-erweiterung-fuer-die-frankfurt-history-app-revolution-1848-49-im-stadtraum-erlebbar\/#primaryimage"},"thumbnailUrl":"https:\/\/sossenheim-online.de\/wp\/wp-content\/uploads\/2023\/07\/frankfurt-app_2.png","keywords":["1848","1849","frankfurt app","frankfurtapp"],"articleSection":["Sossenheim"],"inLanguage":"de"},{"@type":"WebPage","@id":"https:\/\/sossenheim-online.de\/wp\/neue-erweiterung-fuer-die-frankfurt-history-app-revolution-1848-49-im-stadtraum-erlebbar\/","url":"https:\/\/sossenheim-online.de\/wp\/neue-erweiterung-fuer-die-frankfurt-history-app-revolution-1848-49-im-stadtraum-erlebbar\/","name":"Neue Erweiterung f\u00fcr die Frankfurt History App: Revolution 1848\/49 im Stadtraum erlebbar - Sossenheim - Online","isPartOf":{"@id":"https:\/\/sossenheim-online.de\/wp\/#website"},"primaryImageOfPage":{"@id":"https:\/\/sossenheim-online.de\/wp\/neue-erweiterung-fuer-die-frankfurt-history-app-revolution-1848-49-im-stadtraum-erlebbar\/#primaryimage"},"image":{"@id":"https:\/\/sossenheim-online.de\/wp\/neue-erweiterung-fuer-die-frankfurt-history-app-revolution-1848-49-im-stadtraum-erlebbar\/#primaryimage"},"thumbnailUrl":"https:\/\/sossenheim-online.de\/wp\/wp-content\/uploads\/2023\/07\/frankfurt-app_2.png","datePublished":"2023-07-23T16:34:34+00:00","dateModified":"2023-07-23T16:34:35+00:00","author":{"@id":"https:\/\/sossenheim-online.de\/wp\/#\/schema\/person\/89bda6a70b62737cdd9b5345b6fdab6e"},"breadcrumb":{"@id":"https:\/\/sossenheim-online.de\/wp\/neue-erweiterung-fuer-die-frankfurt-history-app-revolution-1848-49-im-stadtraum-erlebbar\/#breadcrumb"},"inLanguage":"de","potentialAction":[{"@type":"ReadAction","target":["https:\/\/sossenheim-online.de\/wp\/neue-erweiterung-fuer-die-frankfurt-history-app-revolution-1848-49-im-stadtraum-erlebbar\/"]}]},{"@type":"ImageObject","inLanguage":"de","@id":"https:\/\/sossenheim-online.de\/wp\/neue-erweiterung-fuer-die-frankfurt-history-app-revolution-1848-49-im-stadtraum-erlebbar\/#primaryimage","url":"https:\/\/sossenheim-online.de\/wp\/wp-content\/uploads\/2023\/07\/frankfurt-app_2.png","contentUrl":"https:\/\/sossenheim-online.de\/wp\/wp-content\/uploads\/2023\/07\/frankfurt-app_2.png","width":1000,"height":184},{"@type":"BreadcrumbList","@id":"https:\/\/sossenheim-online.de\/wp\/neue-erweiterung-fuer-die-frankfurt-history-app-revolution-1848-49-im-stadtraum-erlebbar\/#breadcrumb","itemListElement":[{"@type":"ListItem","position":1,"name":"Startseite","item":"https:\/\/sossenheim-online.de\/wp\/"},{"@type":"ListItem","position":2,"name":"Neue Erweiterung f\u00fcr die Frankfurt History App: Revolution 1848\/49 im Stadtraum erlebbar"}]},{"@type":"WebSite","@id":"https:\/\/sossenheim-online.de\/wp\/#website","url":"https:\/\/sossenheim-online.de\/wp\/","name":"Sossenheim-Online","description":"Das Magazin f\u00fcr Sossenheim und Umgebung","potentialAction":[{"@type":"SearchAction","target":{"@type":"EntryPoint","urlTemplate":"https:\/\/sossenheim-online.de\/wp\/?s={search_term_string}"},"query-input":{"@type":"PropertyValueSpecification","valueRequired":true,"valueName":"search_term_string"}}],"inLanguage":"de"},{"@type":"Person","@id":"https:\/\/sossenheim-online.de\/wp\/#\/schema\/person\/89bda6a70b62737cdd9b5345b6fdab6e","name":"stefanjueptner"}]}},"_links":{"self":[{"href":"https:\/\/sossenheim-online.de\/wp\/wp-json\/wp\/v2\/posts\/4218","targetHints":{"allow":["GET"]}}],"collection":[{"href":"https:\/\/sossenheim-online.de\/wp\/wp-json\/wp\/v2\/posts"}],"about":[{"href":"https:\/\/sossenheim-online.de\/wp\/wp-json\/wp\/v2\/types\/post"}],"author":[{"embeddable":true,"href":"https:\/\/sossenheim-online.de\/wp\/wp-json\/wp\/v2\/users\/1"}],"replies":[{"embeddable":true,"href":"https:\/\/sossenheim-online.de\/wp\/wp-json\/wp\/v2\/comments?post=4218"}],"version-history":[{"count":1,"href":"https:\/\/sossenheim-online.de\/wp\/wp-json\/wp\/v2\/posts\/4218\/revisions"}],"predecessor-version":[{"id":4224,"href":"https:\/\/sossenheim-online.de\/wp\/wp-json\/wp\/v2\/posts\/4218\/revisions\/4224"}],"wp:featuredmedia":[{"embeddable":true,"href":"https:\/\/sossenheim-online.de\/wp\/wp-json\/wp\/v2\/media\/4220"}],"wp:attachment":[{"href":"https:\/\/sossenheim-online.de\/wp\/wp-json\/wp\/v2\/media?parent=4218"}],"wp:term":[{"taxonomy":"category","embeddable":true,"href":"https:\/\/sossenheim-online.de\/wp\/wp-json\/wp\/v2\/categories?post=4218"},{"taxonomy":"post_tag","embeddable":true,"href":"https:\/\/sossenheim-online.de\/wp\/wp-json\/wp\/v2\/tags?post=4218"}],"curies":[{"name":"wp","href":"https:\/\/api.w.org\/{rel}","templated":true}]}}